{"id":1030,"date":"2026-03-02T17:02:26","date_gmt":"2026-03-02T20:02:26","guid":{"rendered":"https:\/\/impe.com.br\/blog\/?p=1030"},"modified":"2026-03-02T17:02:26","modified_gmt":"2026-03-02T20:02:26","slug":"qual-o-tipo-de-estrutura-ideal-para-tintas-e-argamassas-gondola-reforcada-ou-mini-porta-palete","status":"publish","type":"post","link":"https:\/\/impe.com.br\/blog\/gestao-de-estoque\/qual-o-tipo-de-estrutura-ideal-para-tintas-e-argamassas-gondola-reforcada-ou-mini-porta-palete\/","title":{"rendered":"Qual o tipo de estrutura ideal para tintas e argamassas: G\u00f4ndola Refor\u00e7ada ou Mini Porta Palete?"},"content":{"rendered":"<p><span style=\"font-weight: 400;\">A <\/span><b>g\u00f4ndola refor\u00e7ada<\/b><span style=\"font-weight: 400;\"> \u00e9 uma das primeiras solu\u00e7\u00f5es que v\u00eam \u00e0 mente quando o assunto \u00e9 expor tintas, argamassas e outros produtos de alto peso em lojas de material de constru\u00e7\u00e3o.<\/span><\/p>\n<p><span style=\"font-weight: 400;\">Mas ser\u00e1 que ela \u00e9 sempre a melhor escolha? Ou em alguns casos o <\/span><a href=\"https:\/\/www.impe.com.br\/produtos\/mini-porta-palete\/\"><span style=\"font-weight: 400;\">mini porta palete<\/span><\/a><span style=\"font-weight: 400;\"> pode ser a estrutura mais indicada?<\/span><\/p>\n<p><span style=\"font-weight: 400;\">J\u00e1 falamos anteriormente sobre a import\u00e2ncia de saber como organizar corretamente uma loja de material de constru\u00e7\u00e3o e comentamos sobre algumas das melhores estrat\u00e9gias.\u00a0<\/span><\/p>\n<p><span style=\"font-weight: 400;\">Mas agora, o desafio \u00e9 mais t\u00e9cnico: qual equipamento realmente suporta carga elevada sem deformar, comprometer a seguran\u00e7a ou prejudicar a est\u00e9tica do ambiente?<\/span><\/p>\n<p><span style=\"font-weight: 400;\">Neste conte\u00fado, vamos comparar as duas solu\u00e7\u00f5es da Impe, esclarecer as diferen\u00e7as estruturais e te ajudar a tomar a decis\u00e3o mais segura e estrat\u00e9gica. Acompanhe!<\/span><\/p>\n<h2><span style=\"font-weight: 400;\">G\u00f4ndola refor\u00e7ada: quando ela \u00e9 a melhor escolha<\/span><\/h2>\n<p><span style=\"font-weight: 400;\">A <\/span><b>g\u00f4ndola refor\u00e7ada<\/b><span style=\"font-weight: 400;\"> \u00e9 altamente indicada quando o objetivo \u00e9 unir alta capacidade de carga com exposi\u00e7\u00e3o estrat\u00e9gica de produtos.<\/span><\/p>\n<p><span style=\"font-weight: 400;\">Diferente de estruturas convencionais, ela \u00e9 projetada para suportar peso elevado de forma distribu\u00edda, mantendo estabilidade e alinhamento.<\/span><\/p>\n<p><span style=\"font-weight: 400;\">E em lojas de material de constru\u00e7\u00e3o, sabemos que isso faz toda a diferen\u00e7a. Afinal, latas de tinta, sacos de argamassa e caixas de revestimento exigem resist\u00eancia estrutural real, n\u00e3o improviso.<\/span><\/p>\n<p><span style=\"font-weight: 400;\">As <\/span><a href=\"https:\/\/www.impe.com.br\/produtos\/gondolas\/gondolas-para-lojas\/\"><span style=\"font-weight: 400;\">g\u00f4ndolas para lojas<\/span><\/a><span style=\"font-weight: 400;\"> da Impe, por exemplo, s\u00e3o desenvolvidas com refor\u00e7o estrutural que garante seguran\u00e7a e durabilidade mesmo sob carga intensa. Isso evita empenamento de prateleiras, desalinhamento de colunas e risco de acidentes.<\/span><\/p>\n<p><span style=\"font-weight: 400;\">Modelos como a <\/span><a href=\"https:\/\/www.impe.com.br\/produtos\/gondolas\/gondolas-para-lojas\/gondola-central-2-lances\"><span style=\"font-weight: 400;\">g\u00f4ndola central 2 lances<\/span><\/a><span style=\"font-weight: 400;\"> s\u00e3o excelentes para \u00e1reas centrais com circula\u00e7\u00e3o em ambos os lados, permitindo exposi\u00e7\u00e3o equilibrada e organiza\u00e7\u00e3o por categorias.<\/span><\/p>\n<p><span style=\"font-weight: 400;\">J\u00e1 a <\/span><a href=\"https:\/\/www.impe.com.br\/produtos\/gondolas\/gondolas-para-lojas\/gondola-central-3-lances\"><span style=\"font-weight: 400;\">g\u00f4ndola central 3 lances<\/span><\/a><span style=\"font-weight: 400;\"> amplia ainda mais a capacidade de exposi\u00e7\u00e3o vertical. Por isso, \u00e9 o modelo ideal para lojas com p\u00e9-direito mais alto e necessidade de melhor aproveitamento do espa\u00e7o.<\/span><\/p>\n<p><span style=\"font-weight: 400;\">Para as laterais da loja, a <\/span><a href=\"https:\/\/www.impe.com.br\/produtos\/gondolas\/gondolas-para-lojas\/gondola-de-parede\"><span style=\"font-weight: 400;\">g\u00f4ndola de parede<\/span><\/a><span style=\"font-weight: 400;\"> oferece apoio estrutural adicional, enquanto a <\/span><a href=\"https:\/\/www.impe.com.br\/produtos\/gondolas\/gondolas-para-lojas\/gondola-de-parede-4-lances\"><span style=\"font-weight: 400;\">g\u00f4ndola de parede 4 lances<\/span><\/a><span style=\"font-weight: 400;\"> pode ser a op\u00e7\u00e3o mais indicada quando o objetivo \u00e9 maximizar o armazenamento sem comprometer a organiza\u00e7\u00e3o visual.<\/span><\/p>\n<p><span style=\"font-weight: 400;\">Mas, de modo geral, podemos afirmar que a principal vantagem da <\/span><b>g\u00f4ndola refor\u00e7ada<\/b><span style=\"font-weight: 400;\"> \u00e9 permitir que o produto esteja acess\u00edvel ao cliente, organizado e com leitura visual clara de pre\u00e7o e categoria.<\/span><\/p>\n<h2><span style=\"font-weight: 400;\">Mini porta palete: robustez para volumes ainda maiores<\/span><\/h2>\n<p><span style=\"font-weight: 400;\">Enquanto a <\/span><b>g\u00f4ndola refor\u00e7ada<\/b><span style=\"font-weight: 400;\"> equilibra exposi\u00e7\u00e3o e resist\u00eancia, o <\/span><a href=\"https:\/\/www.impe.com.br\/produtos\/mini-porta-palete\/mini-porta-palete-com-plano-metalico\"><span style=\"font-weight: 400;\">mini porta palete<\/span><\/a><span style=\"font-weight: 400;\"> \u00e9 voltado para cargas ainda mais pesadas e volumes maiores. Por isso, ele \u00e9 mais indicado para:<\/span><\/p>\n<ul>\n<li style=\"font-weight: 400;\" aria-level=\"1\"><span style=\"font-weight: 400;\">Sacos de argamassa empilhados;<\/span><\/li>\n<li style=\"font-weight: 400;\" aria-level=\"1\"><span style=\"font-weight: 400;\">Grandes volumes de cimento;<\/span><\/li>\n<li style=\"font-weight: 400;\" aria-level=\"1\"><span style=\"font-weight: 400;\">Estoque de alta rotatividade;<\/span><\/li>\n<li style=\"font-weight: 400;\" aria-level=\"1\"><span style=\"font-weight: 400;\">Reposi\u00e7\u00e3o com carrinho hidr\u00e1ulico.<\/span><\/li>\n<\/ul>\n<p><span style=\"font-weight: 400;\">O mini porta palete trabalha com l\u00f3gica mais pr\u00f3xima de armazenagem, priorizando capacidade estrutural m\u00e1xima. Assim, ele \u00e9 ideal quando o foco \u00e9 sustenta\u00e7\u00e3o extrema.<\/span><\/p>\n<p><span style=\"font-weight: 400;\">Entretanto, a sua aplica\u00e7\u00e3o precisa ser estrat\u00e9gica. Utiliz\u00e1-lo como \u00fanica solu\u00e7\u00e3o pode deixar a loja com apar\u00eancia excessivamente industrial.<\/span><\/p>\n<p><span style=\"font-weight: 400;\">Por isso, muitos projetos modernos combinam as duas estruturas, aproveitando o melhor de cada uma.<\/span><\/p>\n<p><span style=\"font-weight: 400;\">Inclusive, o conte\u00fado sobre <\/span><a href=\"https:\/\/impe.com.br\/blog\/gestao-de-estoque\/porta-palete-com-gondola-integrada-solucao-definitiva-para-estoque-e-exposicao\/\"><span style=\"font-weight: 400;\">porta palete com g\u00f4ndola integrada<\/span><\/a><span style=\"font-weight: 400;\"> mostra como unir armazenagem e exposi\u00e7\u00e3o no mesmo sistema, criando solu\u00e7\u00e3o h\u00edbrida extremamente eficiente.<\/span><\/p>\n<p><img decoding=\"async\" class=\"aligncenter size-full wp-image-1032\" src=\"https:\/\/impe.com.br\/blog\/wp-content\/uploads\/2026\/03\/image1-4.jpg\" alt=\"\" width=\"810\" height=\"500\" srcset=\"https:\/\/impe.com.br\/blog\/wp-content\/uploads\/2026\/03\/image1-4.jpg 810w, https:\/\/impe.com.br\/blog\/wp-content\/uploads\/2026\/03\/image1-4-300x185.jpg 300w, https:\/\/impe.com.br\/blog\/wp-content\/uploads\/2026\/03\/image1-4-768x474.jpg 768w\" sizes=\"(max-width: 810px) 100vw, 810px\" \/><\/p>\n<h2><span style=\"font-weight: 400;\">Comparativo t\u00e9cnico: resist\u00eancia, est\u00e9tica e funcionalidade<\/span><\/h2>\n<p><span style=\"font-weight: 400;\">Para facilitar a decis\u00e3o, vamos analisar alguns crit\u00e9rios importantes.<\/span><\/p>\n<ul>\n<li style=\"font-weight: 400;\" aria-level=\"1\"><b>Capacidade de carga<\/b><\/li>\n<\/ul>\n<p><span style=\"font-weight: 400;\">O mini porta palete suporta cargas mais elevadas por n\u00edvel. J\u00e1 a <\/span><b>g\u00f4ndola refor\u00e7ada <\/b><span style=\"font-weight: 400;\">trabalha com peso alto, mas distribu\u00eddo de forma estrat\u00e9gica.<\/span><\/p>\n<ul>\n<li style=\"font-weight: 400;\" aria-level=\"1\"><b>Acesso ao cliente<\/b><\/li>\n<\/ul>\n<p><span style=\"font-weight: 400;\">A <\/span><b>g\u00f4ndola refor\u00e7ada <\/b><span style=\"font-weight: 400;\">facilita o autosservi\u00e7o. O cliente consegue visualizar, comparar e retirar o produto com mais facilidade. Por outro lado, o mini porta palete pode exigir apoio da equipe dependendo da altura e peso.<\/span><\/p>\n<ul>\n<li style=\"font-weight: 400;\" aria-level=\"1\"><b>Organiza\u00e7\u00e3o visual<\/b><\/li>\n<\/ul>\n<p><span style=\"font-weight: 400;\">A <\/span><b>g\u00f4ndola<\/b><span style=\"font-weight: 400;\"> oferece melhor padroniza\u00e7\u00e3o est\u00e9tica. Mant\u00e9m alinhamento, leitura clara de categorias e apar\u00eancia profissional. Enquanto isso, o mini porta palete prioriza funcionalidade estrutural.<\/span><\/p>\n<ul>\n<li style=\"font-weight: 400;\" aria-level=\"1\"><b>Fluxo de loja<\/b><\/li>\n<\/ul>\n<p><b>G\u00f4ndolas<\/b><span style=\"font-weight: 400;\"> centrais criam corredores organizados e os mini porta paletes podem servir melhor em per\u00edmetros ou \u00e1reas espec\u00edficas de carga pesada.<\/span><\/p>\n<h2><span style=\"font-weight: 400;\">Quando escolher apenas g\u00f4ndola refor\u00e7ada?<\/span><\/h2>\n<p><span style=\"font-weight: 400;\">Se a sua loja trabalha principalmente com latas de tinta de m\u00e9dio porte, sacos de argamassa fracionados e produtos com giro alto, mas n\u00e3o extremamente volumosos, a <\/span><b>g\u00f4ndola refor\u00e7ada<\/b><span style=\"font-weight: 400;\"> pode atender perfeitamente, desde que dimensionada corretamente.<\/span><\/p>\n<p><span style=\"font-weight: 400;\">Ela permite exposi\u00e7\u00e3o estrat\u00e9gica, melhor leitura visual e organiza\u00e7\u00e3o por marca ou tipo de produto. Al\u00e9m disso, mant\u00e9m a loja com apar\u00eancia comercial e n\u00e3o industrial.<\/span><\/p>\n<h2><span style=\"font-weight: 400;\">Quando o mini porta palete \u00e9 indispens\u00e1vel?<\/span><\/h2>\n<p><span style=\"font-weight: 400;\">Se o seu mix inclui grandes volumes de cimento, pallets fechados e estoque pesado com reposi\u00e7\u00e3o frequente, o uso de mini porta palete se torna praticamente obrigat\u00f3rio.<\/span><\/p>\n<p><span style=\"font-weight: 400;\">Afinal, ele garante seguran\u00e7a estrutural e evita que a sobrecarga comprometa prateleiras convencionais.<\/span><\/p>\n<h2><span style=\"font-weight: 400;\">A solu\u00e7\u00e3o mais inteligente: integra\u00e7\u00e3o<\/span><\/h2>\n<p><span style=\"font-weight: 400;\">Na pr\u00e1tica, a maioria das lojas de material de constru\u00e7\u00e3o n\u00e3o precisa escolher entre um ou outro, pois a solu\u00e7\u00e3o mais eficiente costuma ser a integra\u00e7\u00e3o estrat\u00e9gica.<\/span><\/p>\n<p><span style=\"font-weight: 400;\">Utilizar mini porta paletes no per\u00edmetro da loja para volumes maiores e <\/span><b>g\u00f4ndolas refor\u00e7adas<\/b><span style=\"font-weight: 400;\"> nas \u00e1reas centrais cria equil\u00edbrio entre:<\/span><\/p>\n<ul>\n<li style=\"font-weight: 400;\" aria-level=\"1\"><span style=\"font-weight: 400;\">Resist\u00eancia;<\/span><\/li>\n<li style=\"font-weight: 400;\" aria-level=\"1\"><span style=\"font-weight: 400;\">Organiza\u00e7\u00e3o;<\/span><\/li>\n<li style=\"font-weight: 400;\" aria-level=\"1\"><span style=\"font-weight: 400;\">Acesso;<\/span><\/li>\n<li style=\"font-weight: 400;\" aria-level=\"1\"><span style=\"font-weight: 400;\">Est\u00e9tica.<\/span><\/li>\n<\/ul>\n<p><span style=\"font-weight: 400;\">Essa combina\u00e7\u00e3o melhora a circula\u00e7\u00e3o e permite que o cliente encontre facilmente o que procura.<\/span><\/p>\n<p><span style=\"font-weight: 400;\">O artigo sobre <\/span><a href=\"https:\/\/impe.com.br\/blog\/empreendedorismo\/expositores-para-materiais-de-construcao-como-garantir-seguranca-e-boa-apresentacao-de-itens-pesados\/\"><span style=\"font-weight: 400;\">expositor de materiais de constru\u00e7\u00e3o<\/span><\/a><span style=\"font-weight: 400;\"> aprofunda essa quest\u00e3o, mostrando como garantir seguran\u00e7a e boa apresenta\u00e7\u00e3o mesmo com itens pesados.<\/span><\/p>\n<h2><span style=\"font-weight: 400;\">Erros comuns que comprometem a estrutura<\/span><\/h2>\n<p><span style=\"font-weight: 400;\">Um dos maiores erros \u00e9 subdimensionar o peso suportado por n\u00edvel. Improvisar estruturas ou utilizar g\u00f4ndolas comuns para cargas excessivas pode resultar em:<\/span><\/p>\n<ul>\n<li style=\"font-weight: 400;\" aria-level=\"1\"><span style=\"font-weight: 400;\">Empenamento de prateleiras;<\/span><\/li>\n<li style=\"font-weight: 400;\" aria-level=\"1\"><span style=\"font-weight: 400;\">Desalinhamento estrutural;<\/span><\/li>\n<li style=\"font-weight: 400;\" aria-level=\"1\"><span style=\"font-weight: 400;\">Risco de queda de produtos;<\/span><\/li>\n<li style=\"font-weight: 400;\" aria-level=\"1\"><span style=\"font-weight: 400;\">Preju\u00edzos financeiros.<\/span><\/li>\n<\/ul>\n<p><span style=\"font-weight: 400;\">Outro erro \u00e9 pensar apenas na carga e ignorar a experi\u00eancia do cliente. Afinal, uma loja extremamente robusta, mas desorganizada visualmente, afasta o consumidor.<\/span><\/p>\n<h2><span style=\"font-weight: 400;\">Planejamento t\u00e9cnico evita retrabalho<\/span><\/h2>\n<p><span style=\"font-weight: 400;\">Antes de definir a estrutura, \u00e9 fundamental avaliar:<\/span><\/p>\n<ul>\n<li style=\"font-weight: 400;\" aria-level=\"1\"><span style=\"font-weight: 400;\">Peso m\u00e9dio por produto;<\/span><\/li>\n<li style=\"font-weight: 400;\" aria-level=\"1\"><span style=\"font-weight: 400;\">Giro de estoque;<\/span><\/li>\n<li style=\"font-weight: 400;\" aria-level=\"1\"><span style=\"font-weight: 400;\">Frequ\u00eancia de reposi\u00e7\u00e3o;<\/span><\/li>\n<li style=\"font-weight: 400;\" aria-level=\"1\"><span style=\"font-weight: 400;\">Espa\u00e7o dispon\u00edvel;<\/span><\/li>\n<li style=\"font-weight: 400;\" aria-level=\"1\"><span style=\"font-weight: 400;\">Perfil de compra do cliente.<\/span><\/li>\n<\/ul>\n<p><span style=\"font-weight: 400;\">Com essas informa\u00e7\u00f5es, fica muito mais f\u00e1cil decidir se a g\u00f4ndola refor\u00e7ada atende sozinha ou se o mini porta palete deve complementar o projeto.<\/span><\/p>\n<p><span style=\"font-weight: 400;\">Empresas especializadas como a Impe, auxiliam nesse dimensionamento, garantindo que cada estrutura seja escolhida com base em crit\u00e9rios t\u00e9cnicos e n\u00e3o apenas em pre\u00e7o.<\/span><\/p>\n<h2><span style=\"font-weight: 400;\">G\u00f4ndola refor\u00e7ada: seguran\u00e7a \u00e9 prioridade<\/span><\/h2>\n<p><span style=\"font-weight: 400;\">Tintas e argamassas s\u00e3o produtos pesados e qualquer falha estrutural pode gerar acidentes graves.<\/span><\/p>\n<p><span style=\"font-weight: 400;\">Portanto, investir em equipamentos certificados, resistentes e projetados para alta carga n\u00e3o \u00e9 luxo, mas sim responsabilidade.<\/span><\/p>\n<p><span style=\"font-weight: 400;\">Al\u00e9m disso, estruturas bem dimensionadas preservam n\u00e3o apenas o estoque, mas tamb\u00e9m a integridade de clientes e colaboradores.<\/span><\/p>\n<p><span style=\"font-weight: 400;\">Escolher entre <\/span><b>g\u00f4ndola refor\u00e7ada <\/b><span style=\"font-weight: 400;\">e mini porta palete n\u00e3o \u00e9 apenas uma decis\u00e3o de pre\u00e7o, mas uma decis\u00e3o t\u00e9cnica e estrat\u00e9gica.<\/span><\/p>\n<p><span style=\"font-weight: 400;\">A <\/span><b>g\u00f4ndola refor\u00e7ada<\/b><span style=\"font-weight: 400;\"> oferece equil\u00edbrio entre resist\u00eancia e exposi\u00e7\u00e3o organizada. J\u00e1 o mini porta palete entrega capacidade estrutural m\u00e1xima para volumes elevados.<\/span><\/p>\n<p><span style=\"font-weight: 400;\">Na maioria dos projetos de loja de material de constru\u00e7\u00e3o, a combina\u00e7\u00e3o inteligente das duas solu\u00e7\u00f5es \u00e9 o que garante seguran\u00e7a, est\u00e9tica profissional e efici\u00eancia operacional.<\/span><\/p>\n<p><span style=\"font-weight: 400;\">Quer tomar a decis\u00e3o certa para a sua loja? Ent\u00e3o, conhe\u00e7a as solu\u00e7\u00f5es completas da Impe e descubra qual estrutura \u00e9 ideal para suportar tintas e argamassas com seguran\u00e7a, organiza\u00e7\u00e3o e alto padr\u00e3o de acabamento. <\/span><a href=\"https:\/\/www.impe.com.br\/\"><span style=\"font-weight: 400;\">Acesse o site e fale com um especialista!<\/span><\/a><\/p>\n","protected":false},"excerpt":{"rendered":"<p>A g\u00f4ndola refor\u00e7ada \u00e9 uma das primeiras solu\u00e7\u00f5es que v\u00eam \u00e0 mente quando o assunto \u00e9 expor tintas, argamassas e outros produtos de alto peso em lojas de material de constru\u00e7\u00e3o. Mas ser\u00e1 que ela \u00e9 sempre a melhor escolha? Ou em alguns casos o mini porta palete pode ser a estrutura mais indicada? J\u00e1 [&hellip;]<\/p>\n","protected":false},"author":1,"featured_media":1031,"comment_status":"open","ping_status":"open","sticky":false,"template":"","format":"standard","meta":{"_et_pb_use_builder":"","_et_pb_old_content":"","_et_gb_content_width":"","footnotes":""},"categories":[82],"tags":[],"yst_prominent_words":[],"class_list":["post-1030","post","type-post","status-publish","format-standard","has-post-thumbnail","hentry","category-gestao-de-estoque","et-has-post-format-content","et_post_format-et-post-format-standard"],"_links":{"self":[{"href":"https:\/\/impe.com.br\/blog\/wp-json\/wp\/v2\/posts\/1030","targetHints":{"allow":["GET"]}}],"collection":[{"href":"https:\/\/impe.com.br\/blog\/wp-json\/wp\/v2\/posts"}],"about":[{"href":"https:\/\/impe.com.br\/blog\/wp-json\/wp\/v2\/types\/post"}],"author":[{"embeddable":true,"href":"https:\/\/impe.com.br\/blog\/wp-json\/wp\/v2\/users\/1"}],"replies":[{"embeddable":true,"href":"https:\/\/impe.com.br\/blog\/wp-json\/wp\/v2\/comments?post=1030"}],"version-history":[{"count":1,"href":"https:\/\/impe.com.br\/blog\/wp-json\/wp\/v2\/posts\/1030\/revisions"}],"predecessor-version":[{"id":1033,"href":"https:\/\/impe.com.br\/blog\/wp-json\/wp\/v2\/posts\/1030\/revisions\/1033"}],"wp:featuredmedia":[{"embeddable":true,"href":"https:\/\/impe.com.br\/blog\/wp-json\/wp\/v2\/media\/1031"}],"wp:attachment":[{"href":"https:\/\/impe.com.br\/blog\/wp-json\/wp\/v2\/media?parent=1030"}],"wp:term":[{"taxonomy":"category","embeddable":true,"href":"https:\/\/impe.com.br\/blog\/wp-json\/wp\/v2\/categories?post=1030"},{"taxonomy":"post_tag","embeddable":true,"href":"https:\/\/impe.com.br\/blog\/wp-json\/wp\/v2\/tags?post=1030"},{"taxonomy":"yst_prominent_words","embeddable":true,"href":"https:\/\/impe.com.br\/blog\/wp-json\/wp\/v2\/yst_prominent_words?post=1030"}],"curies":[{"name":"wp","href":"https:\/\/api.w.org\/{rel}","templated":true}]}}