{"id":1013,"date":"2026-02-02T16:23:15","date_gmt":"2026-02-02T19:23:15","guid":{"rendered":"https:\/\/impe.com.br\/blog\/?p=1013"},"modified":"2026-03-02T16:37:34","modified_gmt":"2026-03-02T19:37:34","slug":"transicao-de-supermercado-para-atacarejo-o-que-muda-na-estrutura-de-gondolas-e-armazenagem","status":"publish","type":"post","link":"https:\/\/impe.com.br\/blog\/gestao-de-estoque\/transicao-de-supermercado-para-atacarejo-o-que-muda-na-estrutura-de-gondolas-e-armazenagem\/","title":{"rendered":"Transi\u00e7\u00e3o de Supermercado para Atacarejo: o que muda na estrutura de g\u00f4ndolas e armazenagem?"},"content":{"rendered":"<p><span style=\"font-weight: 400;\">As <\/span><b>g\u00f4ndolas<\/b><span style=\"font-weight: 400;\"> s\u00e3o um dos principais pontos de transforma\u00e7\u00e3o quando um supermercado tradicional decide migrar para o modelo de atacarejo.\u00a0<\/span><\/p>\n<p><span style=\"font-weight: 400;\">Afinal, esta transi\u00e7\u00e3o n\u00e3o envolve apenas mudan\u00e7a de pre\u00e7o ou estrat\u00e9gia comercial, ela exige uma reestrutura\u00e7\u00e3o completa da loja, especialmente no que diz respeito \u00e0 exposi\u00e7\u00e3o de produtos e \u00e0 capacidade de armazenagem.<\/span><\/p>\n<p><span style=\"font-weight: 400;\">O atacarejo trabalha com alto volume, embalagens maiores e menor giro fracionado. Isso altera completamente a l\u00f3gica do <\/span><a href=\"https:\/\/impe.com.br\/blog\/empreendedorismo\/montagem-de-pet-shop-quais-equipamentos-sao-essenciais-para-um-layout-funcional-e-atrativo\/\"><span style=\"font-weight: 400;\">layout<\/span><\/a><span style=\"font-weight: 400;\">, da altura das estruturas e da resist\u00eancia dos equipamentos.<\/span><\/p>\n<p><span style=\"font-weight: 400;\">Muitos propriet\u00e1rios enxergam o atacarejo como oportunidade de crescimento e competitividade. Mas poucos entendem que o modelo pode se tornar operacionalmente invi\u00e1vel sem a estrutura correta.<\/span><\/p>\n<h2><span style=\"font-weight: 400;\">G\u00f4ndolas no atacarejo: mais robustez, mais altura e mais estoque a\u00e9reo<\/span><\/h2>\n<p><span style=\"font-weight: 400;\">As <\/span><b>g\u00f4ndolas<\/b><span style=\"font-weight: 400;\"> utilizadas em supermercados convencionais geralmente s\u00e3o pensadas para <\/span><a href=\"https:\/\/impe.com.br\/blog\/publicacoes\/explore-vitrine-expositora-e-aumente-as-vendas-da-sua-farmacia\/\"><span style=\"font-weight: 400;\">exposi\u00e7\u00e3o organizada<\/span><\/a><span style=\"font-weight: 400;\">, foco em experi\u00eancia de compra e reabastecimento frequente. Mas no atacarejo, a l\u00f3gica muda. O modelo exige:<\/span><\/p>\n<ul>\n<li style=\"font-weight: 400;\" aria-level=\"1\"><span style=\"font-weight: 400;\">Maior capacidade de carga por n\u00edvel;<\/span><\/li>\n<li style=\"font-weight: 400;\" aria-level=\"1\"><span style=\"font-weight: 400;\">Estruturas mais altas;<\/span><\/li>\n<li style=\"font-weight: 400;\" aria-level=\"1\"><span style=\"font-weight: 400;\">Estoque a\u00e9reo integrado;<\/span><\/li>\n<li style=\"font-weight: 400;\" aria-level=\"1\"><span style=\"font-weight: 400;\">Redu\u00e7\u00e3o de reposi\u00e7\u00e3o manual constante;<\/span><\/li>\n<li style=\"font-weight: 400;\" aria-level=\"1\"><span style=\"font-weight: 400;\">Layout voltado para volume.<\/span><\/li>\n<\/ul>\n<p><span style=\"font-weight: 400;\">No supermercado tradicional, o estoque costuma ficar no <\/span><a href=\"https:\/\/www.impe.com.br\/produtos\/gondolas\/gondolas-para-lojas\/\"><span style=\"font-weight: 400;\">fundo da loja<\/span><\/a><span style=\"font-weight: 400;\"> ou no dep\u00f3sito. Mas no atacarejo, grande parte do estoque fica vis\u00edvel e armazenada acima da \u00e1rea de venda.<\/span><\/p>\n<p><span style=\"font-weight: 400;\">Assim, \u00e9 poss\u00edvel reduzir a movimenta\u00e7\u00e3o interna, otimizar a opera\u00e7\u00e3o e aumentar a efici\u00eancia log\u00edstica.<\/span><\/p>\n<h2><span style=\"font-weight: 400;\">Supermercado x atacarejo: o que muda nas g\u00f4ndolas na pr\u00e1tica<\/span><\/h2>\n<p><span style=\"font-weight: 400;\">Contudo, antes de investir na transi\u00e7\u00e3o, \u00e9 importante entender as diferen\u00e7as estruturais entre supermercado e o atacarejo. Algumas das principais incluem, por exemplo:<\/span><\/p>\n<p><img decoding=\"async\" class=\"aligncenter size-full wp-image-1014\" src=\"https:\/\/impe.com.br\/blog\/wp-content\/uploads\/2026\/03\/image3.png\" alt=\"\" width=\"398\" height=\"434\" srcset=\"https:\/\/impe.com.br\/blog\/wp-content\/uploads\/2026\/03\/image3.png 398w, https:\/\/impe.com.br\/blog\/wp-content\/uploads\/2026\/03\/image3-275x300.png 275w\" sizes=\"(max-width: 398px) 100vw, 398px\" \/><\/p>\n<p><span style=\"font-weight: 400;\">Portanto, a robustez deixa de ser diferencial e passa a ser requisito b\u00e1sico.<\/span><\/p>\n<h2><span style=\"font-weight: 400;\">Porta paletes com g\u00f4ndolas integradas: a solu\u00e7\u00e3o estrat\u00e9gica<\/span><\/h2>\n<p><span style=\"font-weight: 400;\">Uma das principais solu\u00e7\u00f5es para quem est\u00e1 planejando migrar para o atacarejo \u00e9 o <\/span><a href=\"https:\/\/www.impe.com.br\/produtos\/porta-paletes\/\"><span style=\"font-weight: 400;\">porta paletes<\/span><\/a><span style=\"font-weight: 400;\"> com g\u00f4ndolas integradas, pois essas estruturas unem dois mundos:<\/span><\/p>\n<ul>\n<li style=\"font-weight: 400;\" aria-level=\"1\"><span style=\"font-weight: 400;\">Parte inferior voltada para exposi\u00e7\u00e3o ao cliente;<\/span><\/li>\n<li style=\"font-weight: 400;\" aria-level=\"1\"><span style=\"font-weight: 400;\">Parte superior destinada ao armazenamento de estoque a\u00e9reo.<\/span><\/li>\n<\/ul>\n<p><span style=\"font-weight: 400;\">Os benef\u00edcios s\u00e3o claros:<\/span><\/p>\n<ul>\n<li style=\"font-weight: 400;\" aria-level=\"1\"><span style=\"font-weight: 400;\">Redu\u00e7\u00e3o de espa\u00e7o de dep\u00f3sito;<\/span><\/li>\n<li aria-level=\"1\"><\/li>\n<li style=\"font-weight: 400;\" aria-level=\"1\"><span style=\"font-weight: 400;\">Reposi\u00e7\u00e3o mais \u00e1gil;<\/span><\/li>\n<li style=\"font-weight: 400;\" aria-level=\"1\"><span style=\"font-weight: 400;\">Visual de atacado profissional;<\/span><\/li>\n<li style=\"font-weight: 400;\" aria-level=\"1\"><span style=\"font-weight: 400;\">Maior capacidade de carga.<\/span><\/li>\n<\/ul>\n<p><span style=\"font-weight: 400;\">Essa solu\u00e7\u00e3o \u00e9 ideal para quem deseja manter organiza\u00e7\u00e3o e operar com alto volume ao mesmo tempo.<\/span><\/p>\n<p><img decoding=\"async\" class=\"aligncenter size-full wp-image-1016\" src=\"https:\/\/impe.com.br\/blog\/wp-content\/uploads\/2026\/03\/image1.jpg\" alt=\"\" width=\"810\" height=\"500\" srcset=\"https:\/\/impe.com.br\/blog\/wp-content\/uploads\/2026\/03\/image1.jpg 810w, https:\/\/impe.com.br\/blog\/wp-content\/uploads\/2026\/03\/image1-300x185.jpg 300w, https:\/\/impe.com.br\/blog\/wp-content\/uploads\/2026\/03\/image1-768x474.jpg 768w\" sizes=\"(max-width: 810px) 100vw, 810px\" \/><\/p>\n<p><span style=\"font-weight: 400;\">Layout e g\u00f4ndolas no atacarejo: menos est\u00e9tica, mais efici\u00eancia<\/span><\/p>\n<p><span style=\"font-weight: 400;\">\u00c9 importante entender que o atacarejo tem uma proposta diferente. Afinal, o supermercado tradicional valoriza ambienta\u00e7\u00e3o, experi\u00eancia sensorial e layout mais elaborado.<\/span><\/p>\n<p><span style=\"font-weight: 400;\">Em contrapartida, o atacarejo prioriza efici\u00eancia, volume, rapidez e pre\u00e7o competitivo.<\/span><\/p>\n<p><span style=\"font-weight: 400;\">Mas isso n\u00e3o significa desorganiza\u00e7\u00e3o. Pelo contr\u00e1rio! O layout e as g\u00f4ndolas precisam ser ainda mais estrat\u00e9gicos.<\/span><\/p>\n<p><span style=\"font-weight: 400;\">Portanto, corredores mais largos, estruturas altas e sinaliza\u00e7\u00e3o clara s\u00e3o fundamentais para manter o fluxo organizado.<\/span><\/p>\n<h2><span style=\"font-weight: 400;\">Estoque a\u00e9reo: o cora\u00e7\u00e3o do modelo atacarejo<\/span><\/h2>\n<p><span style=\"font-weight: 400;\">No supermercado tradicional, o estoque fica escondido. Mas no atacarejo, ele faz parte da opera\u00e7\u00e3o vis\u00edvel.<\/span><\/p>\n<p><span style=\"font-weight: 400;\">O estoque a\u00e9reo permite, por exemplo:<\/span><\/p>\n<ul>\n<li style=\"font-weight: 400;\" aria-level=\"1\"><span style=\"font-weight: 400;\">Reposi\u00e7\u00e3o r\u00e1pida;<\/span><\/li>\n<li style=\"font-weight: 400;\" aria-level=\"1\"><span style=\"font-weight: 400;\">Redu\u00e7\u00e3o de movimenta\u00e7\u00e3o interna;<\/span><\/li>\n<li style=\"font-weight: 400;\" aria-level=\"1\"><span style=\"font-weight: 400;\">Menor necessidade de \u00e1rea de armazenamento separada;<\/span><\/li>\n<li style=\"font-weight: 400;\" aria-level=\"1\"><span style=\"font-weight: 400;\">Otimiza\u00e7\u00e3o log\u00edstica.<\/span><\/li>\n<\/ul>\n<p><span style=\"font-weight: 400;\">Mas para funcionar corretamente, \u00e9 necess\u00e1rio:<\/span><\/p>\n<ul>\n<li style=\"font-weight: 400;\" aria-level=\"1\"><span style=\"font-weight: 400;\">C\u00e1lculo estrutural adequado;<\/span><\/li>\n<li style=\"font-weight: 400;\" aria-level=\"1\"><span style=\"font-weight: 400;\">Estruturas met\u00e1licas refor\u00e7adas;<\/span><\/li>\n<li style=\"font-weight: 400;\" aria-level=\"1\"><span style=\"font-weight: 400;\">Planejamento de carga;<\/span><\/li>\n<li style=\"font-weight: 400;\" aria-level=\"1\"><span style=\"font-weight: 400;\">Altura compat\u00edvel com o espa\u00e7o.<\/span><\/li>\n<\/ul>\n<p><span style=\"font-weight: 400;\">Sem isso, o risco operacional aumenta.<\/span><\/p>\n<h2><span style=\"font-weight: 400;\">Planejamento estrutural antes da transi\u00e7\u00e3o<\/span><\/h2>\n<p><span style=\"font-weight: 400;\">Um erro comum \u00e9 decidir migrar para o atacarejo e tentar adaptar a estrutura existente de forma improvisada. Afinal, essa decis\u00e3o pode gerar:<\/span><\/p>\n<ul>\n<li style=\"font-weight: 400;\" aria-level=\"1\"><span style=\"font-weight: 400;\">Limita\u00e7\u00e3o de mix;<\/span><\/li>\n<li style=\"font-weight: 400;\" aria-level=\"1\"><span style=\"font-weight: 400;\">Estruturas sobrecarregadas;<\/span><\/li>\n<li style=\"font-weight: 400;\" aria-level=\"1\"><span style=\"font-weight: 400;\">Reposi\u00e7\u00e3o ineficiente;<\/span><\/li>\n<li style=\"font-weight: 400;\" aria-level=\"1\"><span style=\"font-weight: 400;\">Experi\u00eancia confusa para o cliente.<\/span><\/li>\n<\/ul>\n<p><span style=\"font-weight: 400;\">Antes da mudan\u00e7a, \u00e9 fundamental avaliar:<\/span><\/p>\n<ul>\n<li style=\"font-weight: 400;\" aria-level=\"1\"><span style=\"font-weight: 400;\">P\u00e9-direito do im\u00f3vel;<\/span><\/li>\n<li style=\"font-weight: 400;\" aria-level=\"1\"><span style=\"font-weight: 400;\">Capacidade do piso;<\/span><\/li>\n<li style=\"font-weight: 400;\" aria-level=\"1\"><span style=\"font-weight: 400;\">Fluxo log\u00edstico interno;<\/span><\/li>\n<li style=\"font-weight: 400;\" aria-level=\"1\"><span style=\"font-weight: 400;\">Layout de circula\u00e7\u00e3o;<\/span><\/li>\n<li style=\"font-weight: 400;\" aria-level=\"1\"><span style=\"font-weight: 400;\">Tipo de estrutura necess\u00e1ria.<\/span><\/li>\n<\/ul>\n<p><span style=\"font-weight: 400;\">A transi\u00e7\u00e3o n\u00e3o \u00e9 apenas comercial, mas estrutural.<\/span><\/p>\n<h2><span style=\"font-weight: 400;\">Percep\u00e7\u00e3o de pre\u00e7o e organiza\u00e7\u00e3o<\/span><\/h2>\n<p><span style=\"font-weight: 400;\">O atacarejo transmite competitividade pelo volume exposto.<\/span><\/p>\n<p><span style=\"font-weight: 400;\">Afinal, quando o cliente v\u00ea pilhas organizadas, estoque a\u00e9reo abastecido, estruturas robustas e produtos em caixa fechada, ele associa automaticamente \u00e0 ideia de pre\u00e7o mais baixo.<\/span><\/p>\n<p><span style=\"font-weight: 400;\">Mas se a estrutura parece improvisada, o efeito pode ser o oposto: inseguran\u00e7a e desorganiza\u00e7\u00e3o.<\/span><\/p>\n<p><span style=\"font-weight: 400;\">Organiza\u00e7\u00e3o no atacarejo n\u00e3o significa sofistica\u00e7\u00e3o visual, mas padroniza\u00e7\u00e3o e clareza.<\/span><\/p>\n<h2><span style=\"font-weight: 400;\">Seguran\u00e7a: um fator ainda mais cr\u00edtico<\/span><\/h2>\n<p><span style=\"font-weight: 400;\">Quanto maior o volume e a altura das estruturas, maior a responsabilidade estrutural. Por isso, \u00e9 essencial considerar:<\/span><\/p>\n<ul>\n<li style=\"font-weight: 400;\" aria-level=\"1\"><span style=\"font-weight: 400;\">Distribui\u00e7\u00e3o correta de peso;<\/span><\/li>\n<li style=\"font-weight: 400;\" aria-level=\"1\"><span style=\"font-weight: 400;\">Fixa\u00e7\u00e3o adequada;<\/span><\/li>\n<li style=\"font-weight: 400;\" aria-level=\"1\"><span style=\"font-weight: 400;\">C\u00e1lculo de carga por n\u00edvel;<\/span><\/li>\n<li style=\"font-weight: 400;\" aria-level=\"1\"><span style=\"font-weight: 400;\">Resist\u00eancia dos materiais.<\/span><\/li>\n<\/ul>\n<p><span style=\"font-weight: 400;\">Equipamentos inadequados podem comprometer n\u00e3o apenas a opera\u00e7\u00e3o, mas tamb\u00e9m a seguran\u00e7a de clientes e colaboradores.<\/span><\/p>\n<p><span style=\"font-weight: 400;\">Por isso, investir em estruturas apropriadas n\u00e3o \u00e9 custo, \u00e9 preven\u00e7\u00e3o.<\/span><\/p>\n<h2><span style=\"font-weight: 400;\">Quando vale a pena migrar para atacarejo?<\/span><\/h2>\n<p><span style=\"font-weight: 400;\">A transi\u00e7\u00e3o faz sentido quando:<\/span><\/p>\n<ul>\n<li style=\"font-weight: 400;\" aria-level=\"1\"><span style=\"font-weight: 400;\">O mercado local responde bem ao pre\u00e7o por volume;<\/span><\/li>\n<li style=\"font-weight: 400;\" aria-level=\"1\"><span style=\"font-weight: 400;\">Existe demanda de pequenos comerciantes;<\/span><\/li>\n<li style=\"font-weight: 400;\" aria-level=\"1\"><span style=\"font-weight: 400;\">O espa\u00e7o f\u00edsico comporta estruturas mais altas;<\/span><\/li>\n<li style=\"font-weight: 400;\" aria-level=\"1\"><span style=\"font-weight: 400;\">A opera\u00e7\u00e3o est\u00e1 preparada para giro em larga escala.<\/span><\/li>\n<\/ul>\n<p><span style=\"font-weight: 400;\">Mas sem estrutura adequada, o modelo perde efici\u00eancia. O atacarejo n\u00e3o funciona apenas como \u201csupermercado com pre\u00e7o menor\u201d. Por isso, ele exige mentalidade operacional diferente e equipamentos compat\u00edveis com essa proposta.<\/span><\/p>\n<h2><span style=\"font-weight: 400;\">A import\u00e2ncia de um fornecedor especializado na transi\u00e7\u00e3o<\/span><\/h2>\n<p><span style=\"font-weight: 400;\">Migrar de supermercado para atacarejo envolve decis\u00f5es t\u00e9cnicas que impactam diretamente o resultado financeiro.<\/span><\/p>\n<p><span style=\"font-weight: 400;\">Nesse contexto, a <\/span><a href=\"https:\/\/www.impe.com.br\/\"><span style=\"font-weight: 400;\">Impe<\/span><\/a><span style=\"font-weight: 400;\">, como fornecedora especializada, ajuda a definir:<\/span><\/p>\n<ul>\n<li style=\"font-weight: 400;\" aria-level=\"1\"><span style=\"font-weight: 400;\">Qual tipo de <\/span><b>g\u00f4ndola<\/b><span style=\"font-weight: 400;\"> utilizar;<\/span><\/li>\n<li style=\"font-weight: 400;\" aria-level=\"1\"><span style=\"font-weight: 400;\">Se \u00e9 necess\u00e1rio porta palete integrado;<\/span><\/li>\n<li style=\"font-weight: 400;\" aria-level=\"1\"><span style=\"font-weight: 400;\">Como distribuir os setores;<\/span><\/li>\n<li style=\"font-weight: 400;\" aria-level=\"1\"><span style=\"font-weight: 400;\">Qual capacidade de carga \u00e9 ideal;<\/span><\/li>\n<li style=\"font-weight: 400;\" aria-level=\"1\"><span style=\"font-weight: 400;\">Como otimizar o espa\u00e7o vertical.<\/span><\/li>\n<\/ul>\n<p><span style=\"font-weight: 400;\">Essa vis\u00e3o consultiva evita erros estruturais, bem como tamb\u00e9m acelera o retorno sobre o investimento.<\/span><\/p>\n<h2><span style=\"font-weight: 400;\">G\u00f4ndolas certas: o pilar estrat\u00e9gico do atacarejo<\/span><\/h2>\n<p><span style=\"font-weight: 400;\">A mudan\u00e7a de supermercado para atacarejo \u00e9 estrat\u00e9gica e pode representar crescimento significativo. Mas ela s\u00f3 se sustenta quando acompanhada de adapta\u00e7\u00e3o estrutural adequada.<\/span><\/p>\n<p><span style=\"font-weight: 400;\">As <\/span><b>g\u00f4ndolas<\/b><span style=\"font-weight: 400;\"> deixam de ser apenas expositores e passam a fazer parte da opera\u00e7\u00e3o log\u00edstica. Al\u00e9m disso, o estoque deixa de ser escondido e passa a integrar o ambiente. Ent\u00e3o, a altura se torna aliada e a robustez algo essencial.<\/span><\/p>\n<p><span style=\"font-weight: 400;\">Quem entende que o atacarejo \u00e9 um modelo estrutural e n\u00e3o apenas comercial, sai na frente.<\/span><\/p>\n<p><span style=\"font-weight: 400;\">Planejar corretamente a transi\u00e7\u00e3o \u00e9 garantir que o novo formato n\u00e3o apenas funcione, mas venda mais, opere melhor e sustente o crescimento no longo prazo. <\/span><a href=\"https:\/\/www.impe.com.br\/contato\"><span style=\"font-weight: 400;\">Conte com a Impe para alcan\u00e7ar o sucesso!<\/span><\/a><\/p>\n","protected":false},"excerpt":{"rendered":"<p>As g\u00f4ndolas s\u00e3o um dos principais pontos de transforma\u00e7\u00e3o quando um supermercado tradicional decide migrar para o modelo de atacarejo.\u00a0 Afinal, esta transi\u00e7\u00e3o n\u00e3o envolve apenas mudan\u00e7a de pre\u00e7o ou estrat\u00e9gia comercial, ela exige uma reestrutura\u00e7\u00e3o completa da loja, especialmente no que diz respeito \u00e0 exposi\u00e7\u00e3o de produtos e \u00e0 capacidade de armazenagem. O atacarejo [&hellip;]<\/p>\n","protected":false},"author":1,"featured_media":1015,"comment_status":"open","ping_status":"open","sticky":false,"template":"","format":"standard","meta":{"_et_pb_use_builder":"","_et_pb_old_content":"","_et_gb_content_width":"","footnotes":""},"categories":[82],"tags":[],"yst_prominent_words":[],"class_list":["post-1013","post","type-post","status-publish","format-standard","has-post-thumbnail","hentry","category-gestao-de-estoque","et-has-post-format-content","et_post_format-et-post-format-standard"],"_links":{"self":[{"href":"https:\/\/impe.com.br\/blog\/wp-json\/wp\/v2\/posts\/1013","targetHints":{"allow":["GET"]}}],"collection":[{"href":"https:\/\/impe.com.br\/blog\/wp-json\/wp\/v2\/posts"}],"about":[{"href":"https:\/\/impe.com.br\/blog\/wp-json\/wp\/v2\/types\/post"}],"author":[{"embeddable":true,"href":"https:\/\/impe.com.br\/blog\/wp-json\/wp\/v2\/users\/1"}],"replies":[{"embeddable":true,"href":"https:\/\/impe.com.br\/blog\/wp-json\/wp\/v2\/comments?post=1013"}],"version-history":[{"count":1,"href":"https:\/\/impe.com.br\/blog\/wp-json\/wp\/v2\/posts\/1013\/revisions"}],"predecessor-version":[{"id":1017,"href":"https:\/\/impe.com.br\/blog\/wp-json\/wp\/v2\/posts\/1013\/revisions\/1017"}],"wp:featuredmedia":[{"embeddable":true,"href":"https:\/\/impe.com.br\/blog\/wp-json\/wp\/v2\/media\/1015"}],"wp:attachment":[{"href":"https:\/\/impe.com.br\/blog\/wp-json\/wp\/v2\/media?parent=1013"}],"wp:term":[{"taxonomy":"category","embeddable":true,"href":"https:\/\/impe.com.br\/blog\/wp-json\/wp\/v2\/categories?post=1013"},{"taxonomy":"post_tag","embeddable":true,"href":"https:\/\/impe.com.br\/blog\/wp-json\/wp\/v2\/tags?post=1013"},{"taxonomy":"yst_prominent_words","embeddable":true,"href":"https:\/\/impe.com.br\/blog\/wp-json\/wp\/v2\/yst_prominent_words?post=1013"}],"curies":[{"name":"wp","href":"https:\/\/api.w.org\/{rel}","templated":true}]}}